{"id":1112,"date":"2024-08-11T19:22:29","date_gmt":"2024-08-11T19:22:29","guid":{"rendered":"https:\/\/cafe-lagomera.com\/farm-talk-quien-esta-detras-de-moxxa-caffe-lagomera\/"},"modified":"2024-08-11T19:59:28","modified_gmt":"2024-08-11T19:59:28","slug":"farm-talk-quien-esta-detras-de-moxxa-caffe-lagomera","status":"publish","type":"post","link":"https:\/\/cafe-lagomera.com\/es\/farm-talk-quien-esta-detras-de-moxxa-caffe-lagomera\/","title":{"rendered":"Farm-Talk: Qui\u00e9n est\u00e1 detr\u00e1s de moxxa.caff\u00e8 &#8211; LaGomera"},"content":{"rendered":"<p>[et_pb_section fb_built=\u00bb1&#8243; admin_label=\u00bbSection Title\u00bb _builder_version=\u00bb4.25.1&#8243; background_enable_color=\u00bboff\u00bb custom_margin=\u00bb||||false|false\u00bb custom_padding=\u00bb1px||94px|||\u00bb global_colors_info=\u00bb{}\u00bb theme_builder_area=\u00bbpost_content\u00bb][et_pb_row _builder_version=\u00bb4.25.1&#8243; width_tablet=\u00bb\u00bb width_phone=\u00bb92%\u00bb width_last_edited=\u00bbon|phone\u00bb locked=\u00bboff\u00bb global_colors_info=\u00bb{}\u00bb theme_builder_area=\u00bbpost_content\u00bb][et_pb_column type=\u00bb4_4&#8243; _builder_version=\u00bb4.16&#8243; custom_padding=\u00bb|||\u00bb global_colors_info=\u00bb{}\u00bb custom_padding__hover=\u00bb|||\u00bb theme_builder_area=\u00bbpost_content\u00bb][et_pb_text _builder_version=\u00bb4.27.0&#8243; text_font=\u00bbOpen Sans||||||||\u00bb text_text_color=\u00bb#000000&#8243; text_font_size=\u00bb21px\u00bb text_line_height=\u00bb1.9em\u00bb transform_scale_tablet=\u00bb\u00bb transform_scale_phone=\u00bb\u00bb transform_scale_last_edited=\u00bbon|desktop\u00bb transform_translate_tablet=\u00bb\u00bb transform_translate_phone=\u00bb\u00bb transform_translate_last_edited=\u00bbon|desktop\u00bb transform_rotate_tablet=\u00bb\u00bb transform_rotate_phone=\u00bb\u00bb transform_rotate_last_edited=\u00bbon|desktop\u00bb transform_skew_tablet=\u00bb\u00bb transform_skew_phone=\u00bb\u00bb transform_skew_last_edited=\u00bbon|desktop\u00bb transform_origin_tablet=\u00bb\u00bb transform_origin_phone=\u00bb\u00bb transform_origin_last_edited=\u00bbon|desktop\u00bb transform_styles_last_edited=\u00bbon|desktop\u00bb text_font_size_tablet=\u00bb16px\u00bb text_font_size_phone=\u00bb16px\u00bb text_font_size_last_edited=\u00bbon|phone\u00bb text_letter_spacing_tablet=\u00bb\u00bb text_letter_spacing_phone=\u00bb0px\u00bb text_letter_spacing_last_edited=\u00bbon|tablet\u00bb transform_styles_tablet=\u00bb\u00bb transform_styles_phone=\u00bb\u00bb global_colors_info=\u00bb{}\u00bb theme_builder_area=\u00bbpost_content\u00bb]<\/p>\n<p style=\"text-align: left;\"><strong>Siempre tendremos debilidad por William, el primer campesino lo bastante valiente y rom\u00e1ntico como para acompa\u00f1arnos en este viaje.<br \/>\nEl padre de William, Ger\u00f3nimo, naci\u00f3 a finales de los a\u00f1os 50 en Igualero, un peque\u00f1o pueblo de La Gomera.<br \/>\nDecidi\u00f3 embarcarse en una aut\u00e9ntica aventura y viaj\u00f3 a Venezuela en un velero.  <\/strong><\/p>\n<p>[\/et_pb_text][et_pb_image src=\u00bbhttps:\/\/cafe-lagomera.com\/wp-content\/uploads\/2024\/08\/Farmtalk.jpg\u00bb title_text=\u00bbFarmtalk\u00bb _builder_version=\u00bb4.27.0&#8243; _module_preset=\u00bbdefault\u00bb max_width=\u00bb60%\u00bb max_width_tablet=\u00bb60%\u00bb max_width_phone=\u00bb100%\u00bb max_width_last_edited=\u00bbon|phone\u00bb module_alignment=\u00bbcenter\u00bb hover_enabled=\u00bb0&#8243; global_colors_info=\u00bb{}\u00bb theme_builder_area=\u00bbpost_content\u00bb sticky_enabled=\u00bb0&#8243;][\/et_pb_image][et_pb_text _builder_version=\u00bb4.27.0&#8243; text_font=\u00bbOpen Sans||||||||\u00bb text_text_color=\u00bb#000000&#8243; text_font_size=\u00bb17px\u00bb text_line_height=\u00bb2em\u00bb transform_scale_tablet=\u00bb\u00bb transform_scale_phone=\u00bb\u00bb transform_scale_last_edited=\u00bbon|desktop\u00bb transform_translate_tablet=\u00bb\u00bb transform_translate_phone=\u00bb\u00bb transform_translate_last_edited=\u00bbon|desktop\u00bb transform_rotate_tablet=\u00bb\u00bb transform_rotate_phone=\u00bb\u00bb transform_rotate_last_edited=\u00bbon|desktop\u00bb transform_skew_tablet=\u00bb\u00bb transform_skew_phone=\u00bb\u00bb transform_skew_last_edited=\u00bbon|desktop\u00bb transform_origin_tablet=\u00bb\u00bb transform_origin_phone=\u00bb\u00bb transform_origin_last_edited=\u00bbon|desktop\u00bb transform_styles_last_edited=\u00bbon|desktop\u00bb hover_enabled=\u00bb0&#8243; text_font_size_tablet=\u00bb16px\u00bb text_font_size_phone=\u00bb14px\u00bb text_font_size_last_edited=\u00bbon|phone\u00bb text_letter_spacing_tablet=\u00bb\u00bb text_letter_spacing_phone=\u00bb0px\u00bb text_letter_spacing_last_edited=\u00bbon|tablet\u00bb transform_styles_tablet=\u00bb\u00bb transform_styles_phone=\u00bb\u00bb global_colors_info=\u00bb{}\u00bb theme_builder_area=\u00bbpost_content\u00bb sticky_enabled=\u00bb0&#8243;]<\/p>\n<p>M\u00e1s tarde regres\u00f3 para casarse con su amada esposa en Pastrana, y despu\u00e9s pasaron m\u00e1s de 50 a\u00f1os juntos en Venezuela.<br \/>\nWilliam nos habla de la gran finca que pose\u00edan, de la variedad de \u00e1rboles y frutos que cultivaban, incluidas las plantas de caf\u00e9. <\/p>\n<p>Ger\u00f3nimo amaba Venezuela, pero siempre mantuvo una estrecha relaci\u00f3n con La Gomera.<br \/>\nIba y ven\u00eda, cruzaba el Atl\u00e1ntico y compraba tierras para un posible futuro de su familia en la isla.<br \/>\nEste futuro se hizo realidad: con el paso de los a\u00f1os, los miembros de la familia empezaron a establecerse de nuevo en la isla y a cultivar las tierras que Ger\u00f3nimo hab\u00eda adquirido a lo largo de los a\u00f1os.  <\/p>\n<p>Cuando hablas con Ger\u00f3nimo, William y su hermano Wilfredo, puedes percibir el constante sabor nost\u00e1lgico: una vez en Venezuela, a\u00f1oran La Gomera, y en La Gomera a\u00f1oran Venezuela.<br \/>\n<br \/>En cuanto a los viejos tiempos de la isla, William puede contarnos historias sobre las abuelas que tostaban caf\u00e9 en Barranco Santiago. El verano pasado, tuvimos la oportunidad de probar por primera vez los granos de caf\u00e9 finamente tostados de William, y sabes qu\u00e9: pod\u00edas sentir la nostalgia en cada sorbo. <\/p>\n<p>[\/et_pb_text][et_pb_image src=\u00bbhttps:\/\/cafe-lagomera.com\/wp-content\/uploads\/2024\/08\/Composing.jpg\u00bb title_text=\u00bbComponiendo\u00bb _builder_version=\u00bb4.27.0&#8243; _module_preset=\u00bbdefault\u00bb max_width=\u00bb60%\u00bb max_width_tablet=\u00bb60%\u00bb max_width_phone=\u00bb100%\u00bb max_width_last_edited=\u00bbon|phone\u00bb module_alignment=\u00bbcenter\u00bb hover_enabled=\u00bb0&#8243; global_colors_info=\u00bb{}\u00bb theme_builder_area=\u00bbpost_content\u00bb sticky_enabled=\u00bb0&#8243;][\/et_pb_image][et_pb_button button_url=\u00bbhttps:\/\/cafe-lagomera.com\/blog\/\u00bb button_text=\u00bbVolver  \u00bb _builder_version=\u00bb4.27.0&#8243; _module_preset=\u00bbdefault\u00bb custom_button=\u00bbon\u00bb button_text_size=\u00bb36px\u00bb button_border_width=\u00bb4px\u00bb button_border_radius=\u00bb0px\u00bb button_font=\u00bbSaira Stencil One|||on|||||\u00bb hover_enabled=\u00bb0&#8243; button_text_size_tablet=\u00bb36px\u00bb button_text_size_phone=\u00bb24px\u00bb button_text_size_last_edited=\u00bbon|phone\u00bb global_colors_info=\u00bb{}\u00bb theme_builder_area=\u00bbpost_content\u00bb sticky_enabled=\u00bb0&#8243;][\/et_pb_button][et_pb_video _builder_version=\u00bb4.27.0&#8243; _module_preset=\u00bbdefault\u00bb global_colors_info=\u00bb{}\u00bb theme_builder_area=\u00bbpost_content\u00bb][\/et_pb_video][\/et_pb_column][\/et_pb_row][\/et_pb_section][et_pb_section fb_built=\u00bb1&#8243; admin_label=\u00bbSection Title\u00bb _builder_version=\u00bb4.25.1&#8243; background_color=\u00bb#000000&#8243; custom_padding=\u00bb1px||28px|||\u00bb global_colors_info=\u00bb{}\u00bb theme_builder_area=\u00bbpost_content\u00bb][et_pb_row column_structure=\u00bb1_2,1_2&#8243; _builder_version=\u00bb4.25.1&#8243; locked=\u00bboff\u00bb global_colors_info=\u00bb{}\u00bb theme_builder_area=\u00bbpost_content\u00bb][et_pb_column type=\u00bb1_2&#8243; _builder_version=\u00bb4.16&#8243; custom_padding=\u00bb|||\u00bb global_colors_info=\u00bb{}\u00bb custom_padding__hover=\u00bb|||\u00bb theme_builder_area=\u00bbpost_content\u00bb][et_pb_text _builder_version=\u00bb4.27.0&#8243; header_font=\u00bb||||||||\u00bb header_2_font=\u00bbSaira Stencil One|&#8211;et_global_body_font_weight||on|||||\u00bb header_2_text_align=\u00bbcenter\u00bb header_2_text_color=\u00bb#FFFFFF\u00bb header_2_font_size=\u00bb35px\u00bb header_2_line_height=\u00bb1.2em\u00bb transform_scale=\u00bb82%|100%\u00bb transform_scale_linked=\u00bboff\u00bb link_option_url=\u00bbhttps:\/\/cafe-lagomera.com\/es\/terminos-legales\/\u00bb header_2_font_size_tablet=\u00bb36px\u00bb header_2_font_size_phone=\u00bb28px\u00bb header_2_font_size_last_edited=\u00bbon|phone\u00bb header_2_letter_spacing_tablet=\u00bb0px\u00bb header_2_letter_spacing_phone=\u00bb0px\u00bb header_2_letter_spacing_last_edited=\u00bboff|tablet\u00bb global_colors_info=\u00bb{}\u00bb theme_builder_area=\u00bbpost_content\u00bb]<\/p>\n<h2>Pie de imprenta<\/h2>\n<p>[\/et_pb_text][\/et_pb_column][et_pb_column type=\u00bb1_2&#8243; _builder_version=\u00bb4.16&#8243; custom_padding=\u00bb|||\u00bb global_colors_info=\u00bb{}\u00bb custom_padding__hover=\u00bb|||\u00bb theme_builder_area=\u00bbpost_content\u00bb][et_pb_text _builder_version=\u00bb4.27.0&#8243; header_font=\u00bb||||||||\u00bb header_2_font=\u00bbSaira Stencil One|&#8211;et_global_body_font_weight||on|||||\u00bb header_2_text_align=\u00bbcenter\u00bb header_2_text_color=\u00bb#FFFFFF\u00bb header_2_font_size=\u00bb35px\u00bb header_2_line_height=\u00bb1.2em\u00bb transform_scale=\u00bb82%|100%\u00bb transform_scale_linked=\u00bboff\u00bb link_option_url=\u00bbhttps:\/\/cafe-lagomera.com\/es\/politica-de-datos\/\u00bb header_2_font_size_tablet=\u00bb36px\u00bb header_2_font_size_phone=\u00bb28px\u00bb header_2_font_size_last_edited=\u00bbon|phone\u00bb header_2_letter_spacing_tablet=\u00bb0px\u00bb header_2_letter_spacing_phone=\u00bb0px\u00bb header_2_letter_spacing_last_edited=\u00bboff|tablet\u00bb global_colors_info=\u00bb{}\u00bb theme_builder_area=\u00bbpost_content\u00bb]<\/p>\n<h2>Protecci\u00f3n de datos<\/h2>\n<p>[\/et_pb_text][\/et_pb_column][\/et_pb_row][\/et_pb_section]<\/p>\n","protected":false},"excerpt":{"rendered":"<p>Siempre tendremos debilidad por William, el primer campesino lo bastante valiente y rom\u00e1ntico como para acompa\u00f1arnos en este viaje. El padre de William, Ger\u00f3nimo, naci\u00f3 a finales de los a\u00f1os 50 en Igualero, un peque\u00f1o pueblo de La Gomera. Decidi\u00f3 embarcarse en una aut\u00e9ntica aventura y viaj\u00f3 a Venezuela en un velero. M\u00e1s tarde regres\u00f3 [&hellip;]<\/p>\n","protected":false},"author":1,"featured_media":0,"comment_status":"closed","ping_status":"closed","sticky":false,"template":"","format":"standard","meta":{"_et_pb_use_builder":"on","_et_pb_old_content":"","_et_gb_content_width":"","footnotes":""},"categories":[3],"tags":[],"class_list":["post-1112","post","type-post","status-publish","format-standard","hentry","category-sin-categorizar"],"yoast_head":"<!-- This site is optimized with the Yoast SEO plugin v27.5 - https:\/\/yoast.com\/product\/yoast-seo-wordpress\/ -->\n<title>Farm-Talk: Qui\u00e9n est\u00e1 detr\u00e1s de moxxa.caff\u00e8 - LaGomera - Cafe Le La Gomera<\/title>\n<meta name=\"robots\" content=\"index, follow, max-snippet:-1, max-image-preview:large, max-video-preview:-1\" \/>\n<link rel=\"canonical\" href=\"https:\/\/cafe-lagomera.com\/es\/farm-talk-quien-esta-detras-de-moxxa-caffe-lagomera\/\" \/>\n<meta property=\"og:locale\" content=\"es_ES\" \/>\n<meta property=\"og:type\" content=\"article\" \/>\n<meta property=\"og:title\" content=\"Farm-Talk: Qui\u00e9n est\u00e1 detr\u00e1s de moxxa.caff\u00e8 - LaGomera - Cafe Le La Gomera\" \/>\n<meta property=\"og:description\" content=\"Siempre tendremos debilidad por William, el primer campesino lo bastante valiente y rom\u00e1ntico como para acompa\u00f1arnos en este viaje. El padre de William, Ger\u00f3nimo, naci\u00f3 a finales de los a\u00f1os 50 en Igualero, un peque\u00f1o pueblo de La Gomera. Decidi\u00f3 embarcarse en una aut\u00e9ntica aventura y viaj\u00f3 a Venezuela en un velero. M\u00e1s tarde regres\u00f3 [&hellip;]\" \/>\n<meta property=\"og:url\" content=\"https:\/\/cafe-lagomera.com\/es\/farm-talk-quien-esta-detras-de-moxxa-caffe-lagomera\/\" \/>\n<meta property=\"og:site_name\" content=\"Cafe Le La Gomera\" \/>\n<meta property=\"article:published_time\" content=\"2024-08-11T19:22:29+00:00\" \/>\n<meta property=\"article:modified_time\" content=\"2024-08-11T19:59:28+00:00\" \/>\n<meta name=\"author\" content=\"admin\" \/>\n<meta name=\"twitter:card\" content=\"summary_large_image\" \/>\n<meta name=\"twitter:label1\" content=\"Escrito por\" \/>\n\t<meta name=\"twitter:data1\" content=\"admin\" \/>\n\t<meta name=\"twitter:label2\" content=\"Tiempo de lectura\" \/>\n\t<meta name=\"twitter:data2\" content=\"6 minutos\" \/>\n<script type=\"application\/ld+json\" class=\"yoast-schema-graph\">{\"@context\":\"https:\\\/\\\/schema.org\",\"@graph\":[{\"@type\":\"Article\",\"@id\":\"https:\\\/\\\/cafe-lagomera.com\\\/es\\\/farm-talk-quien-esta-detras-de-moxxa-caffe-lagomera\\\/#article\",\"isPartOf\":{\"@id\":\"https:\\\/\\\/cafe-lagomera.com\\\/es\\\/farm-talk-quien-esta-detras-de-moxxa-caffe-lagomera\\\/\"},\"author\":{\"name\":\"admin\",\"@id\":\"https:\\\/\\\/cafe-lagomera.com\\\/es\\\/#\\\/schema\\\/person\\\/5563b010d2242da55bd34ac6edd7927e\"},\"headline\":\"Farm-Talk: Qui\u00e9n est\u00e1 detr\u00e1s de moxxa.caff\u00e8 &#8211; LaGomera\",\"datePublished\":\"2024-08-11T19:22:29+00:00\",\"dateModified\":\"2024-08-11T19:59:28+00:00\",\"mainEntityOfPage\":{\"@id\":\"https:\\\/\\\/cafe-lagomera.com\\\/es\\\/farm-talk-quien-esta-detras-de-moxxa-caffe-lagomera\\\/\"},\"wordCount\":1113,\"publisher\":{\"@id\":\"https:\\\/\\\/cafe-lagomera.com\\\/es\\\/#organization\"},\"articleSection\":[\"Sin categorizar\"],\"inLanguage\":\"es\"},{\"@type\":\"WebPage\",\"@id\":\"https:\\\/\\\/cafe-lagomera.com\\\/es\\\/farm-talk-quien-esta-detras-de-moxxa-caffe-lagomera\\\/\",\"url\":\"https:\\\/\\\/cafe-lagomera.com\\\/es\\\/farm-talk-quien-esta-detras-de-moxxa-caffe-lagomera\\\/\",\"name\":\"Farm-Talk: Qui\u00e9n est\u00e1 detr\u00e1s de moxxa.caff\u00e8 - LaGomera - Cafe Le La Gomera\",\"isPartOf\":{\"@id\":\"https:\\\/\\\/cafe-lagomera.com\\\/es\\\/#website\"},\"datePublished\":\"2024-08-11T19:22:29+00:00\",\"dateModified\":\"2024-08-11T19:59:28+00:00\",\"breadcrumb\":{\"@id\":\"https:\\\/\\\/cafe-lagomera.com\\\/es\\\/farm-talk-quien-esta-detras-de-moxxa-caffe-lagomera\\\/#breadcrumb\"},\"inLanguage\":\"es\",\"potentialAction\":[{\"@type\":\"ReadAction\",\"target\":[\"https:\\\/\\\/cafe-lagomera.com\\\/es\\\/farm-talk-quien-esta-detras-de-moxxa-caffe-lagomera\\\/\"]}]},{\"@type\":\"BreadcrumbList\",\"@id\":\"https:\\\/\\\/cafe-lagomera.com\\\/es\\\/farm-talk-quien-esta-detras-de-moxxa-caffe-lagomera\\\/#breadcrumb\",\"itemListElement\":[{\"@type\":\"ListItem\",\"position\":1,\"name\":\"Startseite\",\"item\":\"https:\\\/\\\/cafe-lagomera.com\\\/es\\\/comienza\\\/\"},{\"@type\":\"ListItem\",\"position\":2,\"name\":\"Farm-Talk: Qui\u00e9n est\u00e1 detr\u00e1s de moxxa.caff\u00e8 &#8211; LaGomera\"}]},{\"@type\":\"WebSite\",\"@id\":\"https:\\\/\\\/cafe-lagomera.com\\\/es\\\/#website\",\"url\":\"https:\\\/\\\/cafe-lagomera.com\\\/es\\\/\",\"name\":\"Cafe De La Gomera\",\"description\":\"The first truly indigenous coffee from La Gomera\",\"publisher\":{\"@id\":\"https:\\\/\\\/cafe-lagomera.com\\\/es\\\/#organization\"},\"potentialAction\":[{\"@type\":\"SearchAction\",\"target\":{\"@type\":\"EntryPoint\",\"urlTemplate\":\"https:\\\/\\\/cafe-lagomera.com\\\/es\\\/?s={search_term_string}\"},\"query-input\":{\"@type\":\"PropertyValueSpecification\",\"valueRequired\":true,\"valueName\":\"search_term_string\"}}],\"inLanguage\":\"es\"},{\"@type\":\"Organization\",\"@id\":\"https:\\\/\\\/cafe-lagomera.com\\\/es\\\/#organization\",\"name\":\"Cafe De La Gomera\",\"url\":\"https:\\\/\\\/cafe-lagomera.com\\\/es\\\/\",\"logo\":{\"@type\":\"ImageObject\",\"inLanguage\":\"es\",\"@id\":\"https:\\\/\\\/cafe-lagomera.com\\\/es\\\/#\\\/schema\\\/logo\\\/image\\\/\",\"url\":\"https:\\\/\\\/cafe-lagomera.com\\\/wp-content\\\/uploads\\\/2024\\\/05\\\/Mockup.jpg\",\"contentUrl\":\"https:\\\/\\\/cafe-lagomera.com\\\/wp-content\\\/uploads\\\/2024\\\/05\\\/Mockup.jpg\",\"width\":1300,\"height\":2000,\"caption\":\"Cafe De La Gomera\"},\"image\":{\"@id\":\"https:\\\/\\\/cafe-lagomera.com\\\/es\\\/#\\\/schema\\\/logo\\\/image\\\/\"},\"sameAs\":[\"https:\\\/\\\/www.instagram.com\\\/cafe.lagomera\\\/\"]},{\"@type\":\"Person\",\"@id\":\"https:\\\/\\\/cafe-lagomera.com\\\/es\\\/#\\\/schema\\\/person\\\/5563b010d2242da55bd34ac6edd7927e\",\"name\":\"admin\",\"image\":{\"@type\":\"ImageObject\",\"inLanguage\":\"es\",\"@id\":\"https:\\\/\\\/secure.gravatar.com\\\/avatar\\\/036777c51a96a915233371a6e4e877d8aea7761e5b7852553039a77653816139?s=96&d=mm&r=g\",\"url\":\"https:\\\/\\\/secure.gravatar.com\\\/avatar\\\/036777c51a96a915233371a6e4e877d8aea7761e5b7852553039a77653816139?s=96&d=mm&r=g\",\"contentUrl\":\"https:\\\/\\\/secure.gravatar.com\\\/avatar\\\/036777c51a96a915233371a6e4e877d8aea7761e5b7852553039a77653816139?s=96&d=mm&r=g\",\"caption\":\"admin\"},\"sameAs\":[\"https:\\\/\\\/cafe-lagomera.com\"],\"url\":\"https:\\\/\\\/cafe-lagomera.com\\\/es\\\/author\\\/admin\\\/\"}]}<\/script>\n<!-- \/ Yoast SEO plugin. -->","yoast_head_json":{"title":"Farm-Talk: Qui\u00e9n est\u00e1 detr\u00e1s de moxxa.caff\u00e8 - LaGomera - Cafe Le La Gomera","robots":{"index":"index","follow":"follow","max-snippet":"max-snippet:-1","max-image-preview":"max-image-preview:large","max-video-preview":"max-video-preview:-1"},"canonical":"https:\/\/cafe-lagomera.com\/es\/farm-talk-quien-esta-detras-de-moxxa-caffe-lagomera\/","og_locale":"es_ES","og_type":"article","og_title":"Farm-Talk: Qui\u00e9n est\u00e1 detr\u00e1s de moxxa.caff\u00e8 - LaGomera - Cafe Le La Gomera","og_description":"Siempre tendremos debilidad por William, el primer campesino lo bastante valiente y rom\u00e1ntico como para acompa\u00f1arnos en este viaje. El padre de William, Ger\u00f3nimo, naci\u00f3 a finales de los a\u00f1os 50 en Igualero, un peque\u00f1o pueblo de La Gomera. Decidi\u00f3 embarcarse en una aut\u00e9ntica aventura y viaj\u00f3 a Venezuela en un velero. M\u00e1s tarde regres\u00f3 [&hellip;]","og_url":"https:\/\/cafe-lagomera.com\/es\/farm-talk-quien-esta-detras-de-moxxa-caffe-lagomera\/","og_site_name":"Cafe Le La Gomera","article_published_time":"2024-08-11T19:22:29+00:00","article_modified_time":"2024-08-11T19:59:28+00:00","author":"admin","twitter_card":"summary_large_image","twitter_misc":{"Escrito por":"admin","Tiempo de lectura":"6 minutos"},"schema":{"@context":"https:\/\/schema.org","@graph":[{"@type":"Article","@id":"https:\/\/cafe-lagomera.com\/es\/farm-talk-quien-esta-detras-de-moxxa-caffe-lagomera\/#article","isPartOf":{"@id":"https:\/\/cafe-lagomera.com\/es\/farm-talk-quien-esta-detras-de-moxxa-caffe-lagomera\/"},"author":{"name":"admin","@id":"https:\/\/cafe-lagomera.com\/es\/#\/schema\/person\/5563b010d2242da55bd34ac6edd7927e"},"headline":"Farm-Talk: Qui\u00e9n est\u00e1 detr\u00e1s de moxxa.caff\u00e8 &#8211; LaGomera","datePublished":"2024-08-11T19:22:29+00:00","dateModified":"2024-08-11T19:59:28+00:00","mainEntityOfPage":{"@id":"https:\/\/cafe-lagomera.com\/es\/farm-talk-quien-esta-detras-de-moxxa-caffe-lagomera\/"},"wordCount":1113,"publisher":{"@id":"https:\/\/cafe-lagomera.com\/es\/#organization"},"articleSection":["Sin categorizar"],"inLanguage":"es"},{"@type":"WebPage","@id":"https:\/\/cafe-lagomera.com\/es\/farm-talk-quien-esta-detras-de-moxxa-caffe-lagomera\/","url":"https:\/\/cafe-lagomera.com\/es\/farm-talk-quien-esta-detras-de-moxxa-caffe-lagomera\/","name":"Farm-Talk: Qui\u00e9n est\u00e1 detr\u00e1s de moxxa.caff\u00e8 - LaGomera - Cafe Le La Gomera","isPartOf":{"@id":"https:\/\/cafe-lagomera.com\/es\/#website"},"datePublished":"2024-08-11T19:22:29+00:00","dateModified":"2024-08-11T19:59:28+00:00","breadcrumb":{"@id":"https:\/\/cafe-lagomera.com\/es\/farm-talk-quien-esta-detras-de-moxxa-caffe-lagomera\/#breadcrumb"},"inLanguage":"es","potentialAction":[{"@type":"ReadAction","target":["https:\/\/cafe-lagomera.com\/es\/farm-talk-quien-esta-detras-de-moxxa-caffe-lagomera\/"]}]},{"@type":"BreadcrumbList","@id":"https:\/\/cafe-lagomera.com\/es\/farm-talk-quien-esta-detras-de-moxxa-caffe-lagomera\/#breadcrumb","itemListElement":[{"@type":"ListItem","position":1,"name":"Startseite","item":"https:\/\/cafe-lagomera.com\/es\/comienza\/"},{"@type":"ListItem","position":2,"name":"Farm-Talk: Qui\u00e9n est\u00e1 detr\u00e1s de moxxa.caff\u00e8 &#8211; LaGomera"}]},{"@type":"WebSite","@id":"https:\/\/cafe-lagomera.com\/es\/#website","url":"https:\/\/cafe-lagomera.com\/es\/","name":"Cafe De La Gomera","description":"The first truly indigenous coffee from La Gomera","publisher":{"@id":"https:\/\/cafe-lagomera.com\/es\/#organization"},"potentialAction":[{"@type":"SearchAction","target":{"@type":"EntryPoint","urlTemplate":"https:\/\/cafe-lagomera.com\/es\/?s={search_term_string}"},"query-input":{"@type":"PropertyValueSpecification","valueRequired":true,"valueName":"search_term_string"}}],"inLanguage":"es"},{"@type":"Organization","@id":"https:\/\/cafe-lagomera.com\/es\/#organization","name":"Cafe De La Gomera","url":"https:\/\/cafe-lagomera.com\/es\/","logo":{"@type":"ImageObject","inLanguage":"es","@id":"https:\/\/cafe-lagomera.com\/es\/#\/schema\/logo\/image\/","url":"https:\/\/cafe-lagomera.com\/wp-content\/uploads\/2024\/05\/Mockup.jpg","contentUrl":"https:\/\/cafe-lagomera.com\/wp-content\/uploads\/2024\/05\/Mockup.jpg","width":1300,"height":2000,"caption":"Cafe De La Gomera"},"image":{"@id":"https:\/\/cafe-lagomera.com\/es\/#\/schema\/logo\/image\/"},"sameAs":["https:\/\/www.instagram.com\/cafe.lagomera\/"]},{"@type":"Person","@id":"https:\/\/cafe-lagomera.com\/es\/#\/schema\/person\/5563b010d2242da55bd34ac6edd7927e","name":"admin","image":{"@type":"ImageObject","inLanguage":"es","@id":"https:\/\/secure.gravatar.com\/avatar\/036777c51a96a915233371a6e4e877d8aea7761e5b7852553039a77653816139?s=96&d=mm&r=g","url":"https:\/\/secure.gravatar.com\/avatar\/036777c51a96a915233371a6e4e877d8aea7761e5b7852553039a77653816139?s=96&d=mm&r=g","contentUrl":"https:\/\/secure.gravatar.com\/avatar\/036777c51a96a915233371a6e4e877d8aea7761e5b7852553039a77653816139?s=96&d=mm&r=g","caption":"admin"},"sameAs":["https:\/\/cafe-lagomera.com"],"url":"https:\/\/cafe-lagomera.com\/es\/author\/admin\/"}]}},"_links":{"self":[{"href":"https:\/\/cafe-lagomera.com\/es\/wp-json\/wp\/v2\/posts\/1112","targetHints":{"allow":["GET"]}}],"collection":[{"href":"https:\/\/cafe-lagomera.com\/es\/wp-json\/wp\/v2\/posts"}],"about":[{"href":"https:\/\/cafe-lagomera.com\/es\/wp-json\/wp\/v2\/types\/post"}],"author":[{"embeddable":true,"href":"https:\/\/cafe-lagomera.com\/es\/wp-json\/wp\/v2\/users\/1"}],"replies":[{"embeddable":true,"href":"https:\/\/cafe-lagomera.com\/es\/wp-json\/wp\/v2\/comments?post=1112"}],"version-history":[{"count":2,"href":"https:\/\/cafe-lagomera.com\/es\/wp-json\/wp\/v2\/posts\/1112\/revisions"}],"predecessor-version":[{"id":1120,"href":"https:\/\/cafe-lagomera.com\/es\/wp-json\/wp\/v2\/posts\/1112\/revisions\/1120"}],"wp:attachment":[{"href":"https:\/\/cafe-lagomera.com\/es\/wp-json\/wp\/v2\/media?parent=1112"}],"wp:term":[{"taxonomy":"category","embeddable":true,"href":"https:\/\/cafe-lagomera.com\/es\/wp-json\/wp\/v2\/categories?post=1112"},{"taxonomy":"post_tag","embeddable":true,"href":"https:\/\/cafe-lagomera.com\/es\/wp-json\/wp\/v2\/tags?post=1112"}],"curies":[{"name":"wp","href":"https:\/\/api.w.org\/{rel}","templated":true}]}}