{"id":1105,"date":"2024-08-11T19:23:59","date_gmt":"2024-08-11T19:23:59","guid":{"rendered":"https:\/\/cafe-lagomera.com\/visite-de-slowfood-allemagne-domschnecken-escargots-de-la-cathedrale\/"},"modified":"2024-08-11T19:59:27","modified_gmt":"2024-08-11T19:59:27","slug":"visite-de-slowfood-allemagne-domschnecken-escargots-de-la-cathedrale","status":"publish","type":"post","link":"https:\/\/cafe-lagomera.com\/fr\/visite-de-slowfood-allemagne-domschnecken-escargots-de-la-cathedrale\/","title":{"rendered":"Visite de Slowfood Allemagne \u00ab\u00a0Domschnecken\u00a0\u00bb (escargots de la cath\u00e9drale)"},"content":{"rendered":"<p>[et_pb_section fb_built=\u00a0\u00bb1&Prime; admin_label=\u00a0\u00bbSection Title\u00a0\u00bb _builder_version=\u00a0\u00bb4.25.1&Prime; background_enable_color=\u00a0\u00bboff\u00a0\u00bb custom_margin=\u00a0\u00bb||||false|false\u00a0\u00bb custom_padding=\u00a0\u00bb1px||94px|||\u00a0\u00bb global_colors_info=\u00a0\u00bb{}\u00a0\u00bb theme_builder_area=\u00a0\u00bbpost_content\u00a0\u00bb][et_pb_row _builder_version=\u00a0\u00bb4.25.1&Prime; width_tablet=\u00a0\u00bb\u00a0\u00bb width_phone=\u00a0\u00bb92%\u00a0\u00bb width_last_edited=\u00a0\u00bbon|phone\u00a0\u00bb locked=\u00a0\u00bboff\u00a0\u00bb global_colors_info=\u00a0\u00bb{}\u00a0\u00bb theme_builder_area=\u00a0\u00bbpost_content\u00a0\u00bb][et_pb_column type=\u00a0\u00bb4_4&Prime; _builder_version=\u00a0\u00bb4.16&Prime; custom_padding=\u00a0\u00bb|||\u00a0\u00bb global_colors_info=\u00a0\u00bb{}\u00a0\u00bb custom_padding__hover=\u00a0\u00bb|||\u00a0\u00bb theme_builder_area=\u00a0\u00bbpost_content\u00a0\u00bb][et_pb_text _builder_version=\u00a0\u00bb4.27.0&Prime; text_font=\u00a0\u00bbOpen Sans||||||||\u00a0\u00bb text_text_color=\u00a0\u00bb#000000&Prime; text_font_size=\u00a0\u00bb21px\u00a0\u00bb text_line_height=\u00a0\u00bb1.9em\u00a0\u00bb transform_scale_tablet=\u00a0\u00bb\u00a0\u00bb transform_scale_phone=\u00a0\u00bb\u00a0\u00bb transform_scale_last_edited=\u00a0\u00bbon|desktop\u00a0\u00bb transform_translate_tablet=\u00a0\u00bb\u00a0\u00bb transform_translate_phone=\u00a0\u00bb\u00a0\u00bb transform_translate_last_edited=\u00a0\u00bbon|desktop\u00a0\u00bb transform_rotate_tablet=\u00a0\u00bb\u00a0\u00bb transform_rotate_phone=\u00a0\u00bb\u00a0\u00bb transform_rotate_last_edited=\u00a0\u00bbon|desktop\u00a0\u00bb transform_skew_tablet=\u00a0\u00bb\u00a0\u00bb transform_skew_phone=\u00a0\u00bb\u00a0\u00bb transform_skew_last_edited=\u00a0\u00bbon|desktop\u00a0\u00bb transform_origin_tablet=\u00a0\u00bb\u00a0\u00bb transform_origin_phone=\u00a0\u00bb\u00a0\u00bb transform_origin_last_edited=\u00a0\u00bbon|desktop\u00a0\u00bb transform_styles_last_edited=\u00a0\u00bbon|desktop\u00a0\u00bb text_font_size_tablet=\u00a0\u00bb16px\u00a0\u00bb text_font_size_phone=\u00a0\u00bb16px\u00a0\u00bb text_font_size_last_edited=\u00a0\u00bbon|phone\u00a0\u00bb text_letter_spacing_tablet=\u00a0\u00bb\u00a0\u00bb text_letter_spacing_phone=\u00a0\u00bb0px\u00a0\u00bb text_letter_spacing_last_edited=\u00a0\u00bbon|tablet\u00a0\u00bb transform_styles_tablet=\u00a0\u00bb\u00a0\u00bb transform_styles_phone=\u00a0\u00bb\u00a0\u00bb global_colors_info=\u00a0\u00bb{}\u00a0\u00bb theme_builder_area=\u00a0\u00bbpost_content\u00a0\u00bb]<\/p>\n<p style=\"text-align: left;\"><strong>Il y a quelque temps, le torr\u00e9facteur de Cologne moxxa (qui soutient \u00e9galement Slow Food depuis de nombreuses ann\u00e9es) a tent\u00e9 une exp\u00e9rience passionnante : cultiver r\u00e9ellement du caf\u00e9 en Europe, dans le cadre d&rsquo;un projet social men\u00e9 avec des agriculteurs locaux sur l&rsquo;\u00eele de La Gomera, aux Canaries.<\/strong><\/p>\n<p>[\/et_pb_text][et_pb_image src=\u00a0\u00bbhttps:\/\/cafe-lagomera.com\/wp-content\/uploads\/2024\/08\/Slowfood-S.J.jpg\u00a0\u00bb title_text=\u00a0\u00bbSlowfood-S.J.\u00a0\u00bb _builder_version=\u00a0\u00bb4.27.0&Prime; _module_preset=\u00a0\u00bbdefault\u00a0\u00bb max_width=\u00a0\u00bb60%\u00a0\u00bb max_width_tablet=\u00a0\u00bb60%\u00a0\u00bb max_width_phone=\u00a0\u00bb100%\u00a0\u00bb max_width_last_edited=\u00a0\u00bbon|phone\u00a0\u00bb module_alignment=\u00a0\u00bbcenter\u00a0\u00bb hover_enabled=\u00a0\u00bb0&Prime; global_colors_info=\u00a0\u00bb{}\u00a0\u00bb theme_builder_area=\u00a0\u00bbpost_content\u00a0\u00bb sticky_enabled=\u00a0\u00bb0&Prime;][\/et_pb_image][et_pb_text _builder_version=\u00a0\u00bb4.27.0&Prime; text_font=\u00a0\u00bbOpen Sans||||||||\u00a0\u00bb text_text_color=\u00a0\u00bb#000000&Prime; text_font_size=\u00a0\u00bb17px\u00a0\u00bb text_line_height=\u00a0\u00bb2em\u00a0\u00bb transform_scale_tablet=\u00a0\u00bb\u00a0\u00bb transform_scale_phone=\u00a0\u00bb\u00a0\u00bb transform_scale_last_edited=\u00a0\u00bbon|desktop\u00a0\u00bb transform_translate_tablet=\u00a0\u00bb\u00a0\u00bb transform_translate_phone=\u00a0\u00bb\u00a0\u00bb transform_translate_last_edited=\u00a0\u00bbon|desktop\u00a0\u00bb transform_rotate_tablet=\u00a0\u00bb\u00a0\u00bb transform_rotate_phone=\u00a0\u00bb\u00a0\u00bb transform_rotate_last_edited=\u00a0\u00bbon|desktop\u00a0\u00bb transform_skew_tablet=\u00a0\u00bb\u00a0\u00bb transform_skew_phone=\u00a0\u00bb\u00a0\u00bb transform_skew_last_edited=\u00a0\u00bbon|desktop\u00a0\u00bb transform_origin_tablet=\u00a0\u00bb\u00a0\u00bb transform_origin_phone=\u00a0\u00bb\u00a0\u00bb transform_origin_last_edited=\u00a0\u00bbon|desktop\u00a0\u00bb transform_styles_last_edited=\u00a0\u00bbon|desktop\u00a0\u00bb hover_enabled=\u00a0\u00bb0&Prime; text_font_size_tablet=\u00a0\u00bb16px\u00a0\u00bb text_font_size_phone=\u00a0\u00bb14px\u00a0\u00bb text_font_size_last_edited=\u00a0\u00bbon|phone\u00a0\u00bb text_letter_spacing_tablet=\u00a0\u00bb\u00a0\u00bb text_letter_spacing_phone=\u00a0\u00bb0px\u00a0\u00bb text_letter_spacing_last_edited=\u00a0\u00bbon|tablet\u00a0\u00bb transform_styles_tablet=\u00a0\u00bb\u00a0\u00bb transform_styles_phone=\u00a0\u00bb\u00a0\u00bb global_colors_info=\u00a0\u00bb{}\u00a0\u00bb theme_builder_area=\u00a0\u00bbpost_content\u00a0\u00bb sticky_enabled=\u00a0\u00bb0&Prime;]<\/p>\n<p>Apr\u00e8s de nombreuses \u00e9tapes de t\u00e2tonnement et apr\u00e8s avoir surmont\u00e9 quelques difficult\u00e9s, c&rsquo;est r\u00e9ussi, hourra !<br \/>\nDepuis l&rsquo;ann\u00e9e derni\u00e8re, Linea La Gomera est disponible dans de nombreux magasins de l&rsquo;\u00eele.<br \/>\nLa r\u00e9colte \u00e9tant encore limit\u00e9e en raison du jeune \u00e2ge des plantes, les grains sont actuellement compl\u00e9t\u00e9s par du caf\u00e9 biologique Moxxa du P\u00e9rou et d&rsquo;\u00c9thiopie afin d&rsquo;obtenir un d\u00e9licieux m\u00e9lange.  <\/p>\n<p>Sven Johannsen, un membre de notre \u00e9quipe de gestion, a profit\u00e9 de ses vacances \u00e0 La Gomera pour visiter les plantations de caf\u00e9.<br \/>\nIl a \u00e9t\u00e9 tr\u00e8s impressionn\u00e9 par la culture.<br \/>\nDes champs plus petits, adapt\u00e9s au paysage, des herbes sauvages et des papayers qui poussent entre les caf\u00e9iers.  <\/p>\n<p>Et le go\u00fbt de ce stimulant a \u00e9galement \u00e9t\u00e9 convaincant dans les 4 variations.<\/p>\n<p>Merci \u00e0 Slow Food Cologne et \u00e0 Sven Johannsen pour cet excellent rapport.<\/p>\n<p>[\/et_pb_text][et_pb_button button_url=\u00a0\u00bbhttps:\/\/cafe-lagomera.com\/blog\/\u00a0\u00bb button_text=\u00a0\u00bbRetour  \u00a0\u00bb _builder_version=\u00a0\u00bb4.27.0&Prime; _module_preset=\u00a0\u00bbdefault\u00a0\u00bb custom_button=\u00a0\u00bbon\u00a0\u00bb button_text_size=\u00a0\u00bb36px\u00a0\u00bb button_border_width=\u00a0\u00bb4px\u00a0\u00bb button_border_radius=\u00a0\u00bb0px\u00a0\u00bb button_font=\u00a0\u00bbSaira Stencil One|||on|||||\u00a0\u00bb button_text_size_tablet=\u00a0\u00bb36px\u00a0\u00bb button_text_size_phone=\u00a0\u00bb24px\u00a0\u00bb button_text_size_last_edited=\u00a0\u00bbon|phone\u00a0\u00bb global_colors_info=\u00a0\u00bb{}\u00a0\u00bb theme_builder_area=\u00a0\u00bbpost_content\u00a0\u00bb][\/et_pb_button][et_pb_video _builder_version=\u00a0\u00bb4.27.0&Prime; _module_preset=\u00a0\u00bbdefault\u00a0\u00bb global_colors_info=\u00a0\u00bb{}\u00a0\u00bb theme_builder_area=\u00a0\u00bbpost_content\u00a0\u00bb][\/et_pb_video][\/et_pb_column][\/et_pb_row][\/et_pb_section][et_pb_section fb_built=\u00a0\u00bb1&Prime; admin_label=\u00a0\u00bbSection Title\u00a0\u00bb _builder_version=\u00a0\u00bb4.25.1&Prime; background_color=\u00a0\u00bb#000000&Prime; custom_padding=\u00a0\u00bb1px||28px|||\u00a0\u00bb global_colors_info=\u00a0\u00bb{}\u00a0\u00bb theme_builder_area=\u00a0\u00bbpost_content\u00a0\u00bb][et_pb_row column_structure=\u00a0\u00bb1_2,1_2&Prime; _builder_version=\u00a0\u00bb4.25.1&Prime; locked=\u00a0\u00bboff\u00a0\u00bb global_colors_info=\u00a0\u00bb{}\u00a0\u00bb theme_builder_area=\u00a0\u00bbpost_content\u00a0\u00bb][et_pb_column type=\u00a0\u00bb1_2&Prime; _builder_version=\u00a0\u00bb4.16&Prime; custom_padding=\u00a0\u00bb|||\u00a0\u00bb global_colors_info=\u00a0\u00bb{}\u00a0\u00bb custom_padding__hover=\u00a0\u00bb|||\u00a0\u00bb theme_builder_area=\u00a0\u00bbpost_content\u00a0\u00bb][et_pb_text _builder_version=\u00a0\u00bb4.27.0&Prime; header_font=\u00a0\u00bb||||||||\u00a0\u00bb header_2_font=\u00a0\u00bbSaira Stencil One|&#8211;et_global_body_font_weight||on|||||\u00a0\u00bb header_2_text_align=\u00a0\u00bbcenter\u00a0\u00bb header_2_text_color=\u00a0\u00bb#FFFFFF\u00a0\u00bb header_2_font_size=\u00a0\u00bb35px\u00a0\u00bb header_2_line_height=\u00a0\u00bb1.2em\u00a0\u00bb transform_scale=\u00a0\u00bb82%|100%\u00a0\u00bb transform_scale_linked=\u00a0\u00bboff\u00a0\u00bb link_option_url=\u00a0\u00bbhttps:\/\/cafe-lagomera.com\/fr\/termes-juridiques\/\u00a0\u00bb header_2_font_size_tablet=\u00a0\u00bb36px\u00a0\u00bb header_2_font_size_phone=\u00a0\u00bb28px\u00a0\u00bb header_2_font_size_last_edited=\u00a0\u00bbon|phone\u00a0\u00bb header_2_letter_spacing_tablet=\u00a0\u00bb0px\u00a0\u00bb header_2_letter_spacing_phone=\u00a0\u00bb0px\u00a0\u00bb header_2_letter_spacing_last_edited=\u00a0\u00bboff|tablet\u00a0\u00bb global_colors_info=\u00a0\u00bb{}\u00a0\u00bb theme_builder_area=\u00a0\u00bbpost_content\u00a0\u00bb]<\/p>\n<h2>Mentions l\u00e9gales<\/h2>\n<p>[\/et_pb_text][\/et_pb_column][et_pb_column type=\u00a0\u00bb1_2&Prime; _builder_version=\u00a0\u00bb4.16&Prime; custom_padding=\u00a0\u00bb|||\u00a0\u00bb global_colors_info=\u00a0\u00bb{}\u00a0\u00bb custom_padding__hover=\u00a0\u00bb|||\u00a0\u00bb theme_builder_area=\u00a0\u00bbpost_content\u00a0\u00bb][et_pb_text _builder_version=\u00a0\u00bb4.27.0&Prime; header_font=\u00a0\u00bb||||||||\u00a0\u00bb header_2_font=\u00a0\u00bbSaira Stencil One|&#8211;et_global_body_font_weight||on|||||\u00a0\u00bb header_2_text_align=\u00a0\u00bbcenter\u00a0\u00bb header_2_text_color=\u00a0\u00bb#FFFFFF\u00a0\u00bb header_2_font_size=\u00a0\u00bb35px\u00a0\u00bb header_2_line_height=\u00a0\u00bb1.2em\u00a0\u00bb transform_scale=\u00a0\u00bb82%|100%\u00a0\u00bb transform_scale_linked=\u00a0\u00bboff\u00a0\u00bb link_option_url=\u00a0\u00bbhttps:\/\/cafe-lagomera.com\/fr\/politique-de-donnees\/\u00a0\u00bb header_2_font_size_tablet=\u00a0\u00bb36px\u00a0\u00bb header_2_font_size_phone=\u00a0\u00bb28px\u00a0\u00bb header_2_font_size_last_edited=\u00a0\u00bbon|phone\u00a0\u00bb header_2_letter_spacing_tablet=\u00a0\u00bb0px\u00a0\u00bb header_2_letter_spacing_phone=\u00a0\u00bb0px\u00a0\u00bb header_2_letter_spacing_last_edited=\u00a0\u00bboff|tablet\u00a0\u00bb global_colors_info=\u00a0\u00bb{}\u00a0\u00bb theme_builder_area=\u00a0\u00bbpost_content\u00a0\u00bb]<\/p>\n<h2>Protection des donn\u00e9es<\/h2>\n<p>[\/et_pb_text][\/et_pb_column][\/et_pb_row][\/et_pb_section]<\/p>\n","protected":false},"excerpt":{"rendered":"<p>Il y a quelque temps, le torr\u00e9facteur de Cologne moxxa (qui soutient \u00e9galement Slow Food depuis de nombreuses ann\u00e9es) a tent\u00e9 une exp\u00e9rience passionnante : cultiver r\u00e9ellement du caf\u00e9 en Europe, dans le cadre d&rsquo;un projet social men\u00e9 avec des agriculteurs locaux sur l&rsquo;\u00eele de La Gomera, aux Canaries.Apr\u00e8s de nombreuses \u00e9tapes de t\u00e2tonnement et [&hellip;]<\/p>\n","protected":false},"author":1,"featured_media":0,"comment_status":"closed","ping_status":"closed","sticky":false,"template":"","format":"standard","meta":{"_et_pb_use_builder":"on","_et_pb_old_content":"","_et_gb_content_width":"","footnotes":""},"categories":[5],"tags":[],"class_list":["post-1105","post","type-post","status-publish","format-standard","hentry","category-non-classifiee"],"yoast_head":"<!-- This site is optimized with the Yoast SEO plugin v27.5 - https:\/\/yoast.com\/product\/yoast-seo-wordpress\/ -->\n<title>Visite de Slowfood Allemagne &quot;Domschnecken&quot; (escargots de la cath\u00e9drale) - Cafe Le La Gomera<\/title>\n<meta name=\"robots\" content=\"index, follow, max-snippet:-1, max-image-preview:large, max-video-preview:-1\" \/>\n<link rel=\"canonical\" href=\"https:\/\/cafe-lagomera.com\/fr\/visite-de-slowfood-allemagne-domschnecken-escargots-de-la-cathedrale\/\" \/>\n<meta property=\"og:locale\" content=\"fr_FR\" \/>\n<meta property=\"og:type\" content=\"article\" \/>\n<meta property=\"og:title\" content=\"Visite de Slowfood Allemagne &quot;Domschnecken&quot; (escargots de la cath\u00e9drale) - Cafe Le La Gomera\" \/>\n<meta property=\"og:description\" content=\"Il y a quelque temps, le torr\u00e9facteur de Cologne moxxa (qui soutient \u00e9galement Slow Food depuis de nombreuses ann\u00e9es) a tent\u00e9 une exp\u00e9rience passionnante : cultiver r\u00e9ellement du caf\u00e9 en Europe, dans le cadre d&#039;un projet social men\u00e9 avec des agriculteurs locaux sur l&#039;\u00eele de La Gomera, aux Canaries.Apr\u00e8s de nombreuses \u00e9tapes de t\u00e2tonnement et [&hellip;]\" \/>\n<meta property=\"og:url\" content=\"https:\/\/cafe-lagomera.com\/fr\/visite-de-slowfood-allemagne-domschnecken-escargots-de-la-cathedrale\/\" \/>\n<meta property=\"og:site_name\" content=\"Cafe Le La Gomera\" \/>\n<meta property=\"article:published_time\" content=\"2024-08-11T19:23:59+00:00\" \/>\n<meta property=\"article:modified_time\" content=\"2024-08-11T19:59:27+00:00\" \/>\n<meta name=\"author\" content=\"admin\" \/>\n<meta name=\"twitter:card\" content=\"summary_large_image\" \/>\n<meta name=\"twitter:label1\" content=\"\u00c9crit par\" \/>\n\t<meta name=\"twitter:data1\" content=\"admin\" \/>\n\t<meta name=\"twitter:label2\" content=\"Dur\u00e9e de lecture estim\u00e9e\" \/>\n\t<meta name=\"twitter:data2\" content=\"5 minutes\" \/>\n<script type=\"application\/ld+json\" class=\"yoast-schema-graph\">{\"@context\":\"https:\\\/\\\/schema.org\",\"@graph\":[{\"@type\":\"Article\",\"@id\":\"https:\\\/\\\/cafe-lagomera.com\\\/fr\\\/visite-de-slowfood-allemagne-domschnecken-escargots-de-la-cathedrale\\\/#article\",\"isPartOf\":{\"@id\":\"https:\\\/\\\/cafe-lagomera.com\\\/fr\\\/visite-de-slowfood-allemagne-domschnecken-escargots-de-la-cathedrale\\\/\"},\"author\":{\"name\":\"admin\",\"@id\":\"https:\\\/\\\/cafe-lagomera.com\\\/fr\\\/#\\\/schema\\\/person\\\/5563b010d2242da55bd34ac6edd7927e\"},\"headline\":\"Visite de Slowfood Allemagne \u00ab\u00a0Domschnecken\u00a0\u00bb (escargots de la cath\u00e9drale)\",\"datePublished\":\"2024-08-11T19:23:59+00:00\",\"dateModified\":\"2024-08-11T19:59:27+00:00\",\"mainEntityOfPage\":{\"@id\":\"https:\\\/\\\/cafe-lagomera.com\\\/fr\\\/visite-de-slowfood-allemagne-domschnecken-escargots-de-la-cathedrale\\\/\"},\"wordCount\":1001,\"publisher\":{\"@id\":\"https:\\\/\\\/cafe-lagomera.com\\\/fr\\\/#organization\"},\"articleSection\":[\"Non classifi\u00e9(e)\"],\"inLanguage\":\"fr-FR\"},{\"@type\":\"WebPage\",\"@id\":\"https:\\\/\\\/cafe-lagomera.com\\\/fr\\\/visite-de-slowfood-allemagne-domschnecken-escargots-de-la-cathedrale\\\/\",\"url\":\"https:\\\/\\\/cafe-lagomera.com\\\/fr\\\/visite-de-slowfood-allemagne-domschnecken-escargots-de-la-cathedrale\\\/\",\"name\":\"Visite de Slowfood Allemagne \\\"Domschnecken\\\" (escargots de la cath\u00e9drale) - Cafe Le La Gomera\",\"isPartOf\":{\"@id\":\"https:\\\/\\\/cafe-lagomera.com\\\/fr\\\/#website\"},\"datePublished\":\"2024-08-11T19:23:59+00:00\",\"dateModified\":\"2024-08-11T19:59:27+00:00\",\"breadcrumb\":{\"@id\":\"https:\\\/\\\/cafe-lagomera.com\\\/fr\\\/visite-de-slowfood-allemagne-domschnecken-escargots-de-la-cathedrale\\\/#breadcrumb\"},\"inLanguage\":\"fr-FR\",\"potentialAction\":[{\"@type\":\"ReadAction\",\"target\":[\"https:\\\/\\\/cafe-lagomera.com\\\/fr\\\/visite-de-slowfood-allemagne-domschnecken-escargots-de-la-cathedrale\\\/\"]}]},{\"@type\":\"BreadcrumbList\",\"@id\":\"https:\\\/\\\/cafe-lagomera.com\\\/fr\\\/visite-de-slowfood-allemagne-domschnecken-escargots-de-la-cathedrale\\\/#breadcrumb\",\"itemListElement\":[{\"@type\":\"ListItem\",\"position\":1,\"name\":\"Startseite\",\"item\":\"https:\\\/\\\/cafe-lagomera.com\\\/fr\\\/lancement\\\/\"},{\"@type\":\"ListItem\",\"position\":2,\"name\":\"Visite de Slowfood Allemagne \u00ab\u00a0Domschnecken\u00a0\u00bb (escargots de la cath\u00e9drale)\"}]},{\"@type\":\"WebSite\",\"@id\":\"https:\\\/\\\/cafe-lagomera.com\\\/fr\\\/#website\",\"url\":\"https:\\\/\\\/cafe-lagomera.com\\\/fr\\\/\",\"name\":\"Cafe De La Gomera\",\"description\":\"The first truly indigenous coffee from La Gomera\",\"publisher\":{\"@id\":\"https:\\\/\\\/cafe-lagomera.com\\\/fr\\\/#organization\"},\"potentialAction\":[{\"@type\":\"SearchAction\",\"target\":{\"@type\":\"EntryPoint\",\"urlTemplate\":\"https:\\\/\\\/cafe-lagomera.com\\\/fr\\\/?s={search_term_string}\"},\"query-input\":{\"@type\":\"PropertyValueSpecification\",\"valueRequired\":true,\"valueName\":\"search_term_string\"}}],\"inLanguage\":\"fr-FR\"},{\"@type\":\"Organization\",\"@id\":\"https:\\\/\\\/cafe-lagomera.com\\\/fr\\\/#organization\",\"name\":\"Cafe De La Gomera\",\"url\":\"https:\\\/\\\/cafe-lagomera.com\\\/fr\\\/\",\"logo\":{\"@type\":\"ImageObject\",\"inLanguage\":\"fr-FR\",\"@id\":\"https:\\\/\\\/cafe-lagomera.com\\\/fr\\\/#\\\/schema\\\/logo\\\/image\\\/\",\"url\":\"https:\\\/\\\/cafe-lagomera.com\\\/wp-content\\\/uploads\\\/2024\\\/05\\\/Mockup.jpg\",\"contentUrl\":\"https:\\\/\\\/cafe-lagomera.com\\\/wp-content\\\/uploads\\\/2024\\\/05\\\/Mockup.jpg\",\"width\":1300,\"height\":2000,\"caption\":\"Cafe De La Gomera\"},\"image\":{\"@id\":\"https:\\\/\\\/cafe-lagomera.com\\\/fr\\\/#\\\/schema\\\/logo\\\/image\\\/\"},\"sameAs\":[\"https:\\\/\\\/www.instagram.com\\\/cafe.lagomera\\\/\"]},{\"@type\":\"Person\",\"@id\":\"https:\\\/\\\/cafe-lagomera.com\\\/fr\\\/#\\\/schema\\\/person\\\/5563b010d2242da55bd34ac6edd7927e\",\"name\":\"admin\",\"image\":{\"@type\":\"ImageObject\",\"inLanguage\":\"fr-FR\",\"@id\":\"https:\\\/\\\/secure.gravatar.com\\\/avatar\\\/036777c51a96a915233371a6e4e877d8aea7761e5b7852553039a77653816139?s=96&d=mm&r=g\",\"url\":\"https:\\\/\\\/secure.gravatar.com\\\/avatar\\\/036777c51a96a915233371a6e4e877d8aea7761e5b7852553039a77653816139?s=96&d=mm&r=g\",\"contentUrl\":\"https:\\\/\\\/secure.gravatar.com\\\/avatar\\\/036777c51a96a915233371a6e4e877d8aea7761e5b7852553039a77653816139?s=96&d=mm&r=g\",\"caption\":\"admin\"},\"sameAs\":[\"https:\\\/\\\/cafe-lagomera.com\"],\"url\":\"https:\\\/\\\/cafe-lagomera.com\\\/fr\\\/author\\\/admin\\\/\"}]}<\/script>\n<!-- \/ Yoast SEO plugin. -->","yoast_head_json":{"title":"Visite de Slowfood Allemagne \"Domschnecken\" (escargots de la cath\u00e9drale) - Cafe Le La Gomera","robots":{"index":"index","follow":"follow","max-snippet":"max-snippet:-1","max-image-preview":"max-image-preview:large","max-video-preview":"max-video-preview:-1"},"canonical":"https:\/\/cafe-lagomera.com\/fr\/visite-de-slowfood-allemagne-domschnecken-escargots-de-la-cathedrale\/","og_locale":"fr_FR","og_type":"article","og_title":"Visite de Slowfood Allemagne \"Domschnecken\" (escargots de la cath\u00e9drale) - Cafe Le La Gomera","og_description":"Il y a quelque temps, le torr\u00e9facteur de Cologne moxxa (qui soutient \u00e9galement Slow Food depuis de nombreuses ann\u00e9es) a tent\u00e9 une exp\u00e9rience passionnante : cultiver r\u00e9ellement du caf\u00e9 en Europe, dans le cadre d'un projet social men\u00e9 avec des agriculteurs locaux sur l'\u00eele de La Gomera, aux Canaries.Apr\u00e8s de nombreuses \u00e9tapes de t\u00e2tonnement et [&hellip;]","og_url":"https:\/\/cafe-lagomera.com\/fr\/visite-de-slowfood-allemagne-domschnecken-escargots-de-la-cathedrale\/","og_site_name":"Cafe Le La Gomera","article_published_time":"2024-08-11T19:23:59+00:00","article_modified_time":"2024-08-11T19:59:27+00:00","author":"admin","twitter_card":"summary_large_image","twitter_misc":{"\u00c9crit par":"admin","Dur\u00e9e de lecture estim\u00e9e":"5 minutes"},"schema":{"@context":"https:\/\/schema.org","@graph":[{"@type":"Article","@id":"https:\/\/cafe-lagomera.com\/fr\/visite-de-slowfood-allemagne-domschnecken-escargots-de-la-cathedrale\/#article","isPartOf":{"@id":"https:\/\/cafe-lagomera.com\/fr\/visite-de-slowfood-allemagne-domschnecken-escargots-de-la-cathedrale\/"},"author":{"name":"admin","@id":"https:\/\/cafe-lagomera.com\/fr\/#\/schema\/person\/5563b010d2242da55bd34ac6edd7927e"},"headline":"Visite de Slowfood Allemagne \u00ab\u00a0Domschnecken\u00a0\u00bb (escargots de la cath\u00e9drale)","datePublished":"2024-08-11T19:23:59+00:00","dateModified":"2024-08-11T19:59:27+00:00","mainEntityOfPage":{"@id":"https:\/\/cafe-lagomera.com\/fr\/visite-de-slowfood-allemagne-domschnecken-escargots-de-la-cathedrale\/"},"wordCount":1001,"publisher":{"@id":"https:\/\/cafe-lagomera.com\/fr\/#organization"},"articleSection":["Non classifi\u00e9(e)"],"inLanguage":"fr-FR"},{"@type":"WebPage","@id":"https:\/\/cafe-lagomera.com\/fr\/visite-de-slowfood-allemagne-domschnecken-escargots-de-la-cathedrale\/","url":"https:\/\/cafe-lagomera.com\/fr\/visite-de-slowfood-allemagne-domschnecken-escargots-de-la-cathedrale\/","name":"Visite de Slowfood Allemagne \"Domschnecken\" (escargots de la cath\u00e9drale) - Cafe Le La Gomera","isPartOf":{"@id":"https:\/\/cafe-lagomera.com\/fr\/#website"},"datePublished":"2024-08-11T19:23:59+00:00","dateModified":"2024-08-11T19:59:27+00:00","breadcrumb":{"@id":"https:\/\/cafe-lagomera.com\/fr\/visite-de-slowfood-allemagne-domschnecken-escargots-de-la-cathedrale\/#breadcrumb"},"inLanguage":"fr-FR","potentialAction":[{"@type":"ReadAction","target":["https:\/\/cafe-lagomera.com\/fr\/visite-de-slowfood-allemagne-domschnecken-escargots-de-la-cathedrale\/"]}]},{"@type":"BreadcrumbList","@id":"https:\/\/cafe-lagomera.com\/fr\/visite-de-slowfood-allemagne-domschnecken-escargots-de-la-cathedrale\/#breadcrumb","itemListElement":[{"@type":"ListItem","position":1,"name":"Startseite","item":"https:\/\/cafe-lagomera.com\/fr\/lancement\/"},{"@type":"ListItem","position":2,"name":"Visite de Slowfood Allemagne \u00ab\u00a0Domschnecken\u00a0\u00bb (escargots de la cath\u00e9drale)"}]},{"@type":"WebSite","@id":"https:\/\/cafe-lagomera.com\/fr\/#website","url":"https:\/\/cafe-lagomera.com\/fr\/","name":"Cafe De La Gomera","description":"The first truly indigenous coffee from La Gomera","publisher":{"@id":"https:\/\/cafe-lagomera.com\/fr\/#organization"},"potentialAction":[{"@type":"SearchAction","target":{"@type":"EntryPoint","urlTemplate":"https:\/\/cafe-lagomera.com\/fr\/?s={search_term_string}"},"query-input":{"@type":"PropertyValueSpecification","valueRequired":true,"valueName":"search_term_string"}}],"inLanguage":"fr-FR"},{"@type":"Organization","@id":"https:\/\/cafe-lagomera.com\/fr\/#organization","name":"Cafe De La Gomera","url":"https:\/\/cafe-lagomera.com\/fr\/","logo":{"@type":"ImageObject","inLanguage":"fr-FR","@id":"https:\/\/cafe-lagomera.com\/fr\/#\/schema\/logo\/image\/","url":"https:\/\/cafe-lagomera.com\/wp-content\/uploads\/2024\/05\/Mockup.jpg","contentUrl":"https:\/\/cafe-lagomera.com\/wp-content\/uploads\/2024\/05\/Mockup.jpg","width":1300,"height":2000,"caption":"Cafe De La Gomera"},"image":{"@id":"https:\/\/cafe-lagomera.com\/fr\/#\/schema\/logo\/image\/"},"sameAs":["https:\/\/www.instagram.com\/cafe.lagomera\/"]},{"@type":"Person","@id":"https:\/\/cafe-lagomera.com\/fr\/#\/schema\/person\/5563b010d2242da55bd34ac6edd7927e","name":"admin","image":{"@type":"ImageObject","inLanguage":"fr-FR","@id":"https:\/\/secure.gravatar.com\/avatar\/036777c51a96a915233371a6e4e877d8aea7761e5b7852553039a77653816139?s=96&d=mm&r=g","url":"https:\/\/secure.gravatar.com\/avatar\/036777c51a96a915233371a6e4e877d8aea7761e5b7852553039a77653816139?s=96&d=mm&r=g","contentUrl":"https:\/\/secure.gravatar.com\/avatar\/036777c51a96a915233371a6e4e877d8aea7761e5b7852553039a77653816139?s=96&d=mm&r=g","caption":"admin"},"sameAs":["https:\/\/cafe-lagomera.com"],"url":"https:\/\/cafe-lagomera.com\/fr\/author\/admin\/"}]}},"_links":{"self":[{"href":"https:\/\/cafe-lagomera.com\/fr\/wp-json\/wp\/v2\/posts\/1105","targetHints":{"allow":["GET"]}}],"collection":[{"href":"https:\/\/cafe-lagomera.com\/fr\/wp-json\/wp\/v2\/posts"}],"about":[{"href":"https:\/\/cafe-lagomera.com\/fr\/wp-json\/wp\/v2\/types\/post"}],"author":[{"embeddable":true,"href":"https:\/\/cafe-lagomera.com\/fr\/wp-json\/wp\/v2\/users\/1"}],"replies":[{"embeddable":true,"href":"https:\/\/cafe-lagomera.com\/fr\/wp-json\/wp\/v2\/comments?post=1105"}],"version-history":[{"count":2,"href":"https:\/\/cafe-lagomera.com\/fr\/wp-json\/wp\/v2\/posts\/1105\/revisions"}],"predecessor-version":[{"id":1109,"href":"https:\/\/cafe-lagomera.com\/fr\/wp-json\/wp\/v2\/posts\/1105\/revisions\/1109"}],"wp:attachment":[{"href":"https:\/\/cafe-lagomera.com\/fr\/wp-json\/wp\/v2\/media?parent=1105"}],"wp:term":[{"taxonomy":"category","embeddable":true,"href":"https:\/\/cafe-lagomera.com\/fr\/wp-json\/wp\/v2\/categories?post=1105"},{"taxonomy":"post_tag","embeddable":true,"href":"https:\/\/cafe-lagomera.com\/fr\/wp-json\/wp\/v2\/tags?post=1105"}],"curies":[{"name":"wp","href":"https:\/\/api.w.org\/{rel}","templated":true}]}}